{"id":3353,"date":"2026-08-31T01:53:20","date_gmt":"2026-08-30T23:53:20","guid":{"rendered":"https:\/\/dipatch.fr\/?p=3353"},"modified":"2026-08-31T01:53:24","modified_gmt":"2026-08-30T23:53:24","slug":"prix-patch-personnalise-entreprise","status":"publish","type":"post","link":"https:\/\/dipatch.fr\/en\/blog\/conseils-et-astuces\/prix-patch-personnalise-entreprise\/","title":{"rendered":"Prix patch personnalis\u00e9 entreprise : combien pr\u00e9voir ?"},"content":{"rendered":"<article>\n\n<section>\n<h1>Prix patch personnalis\u00e9 entreprise : combien pr\u00e9voir pour une commande professionnelle ?<\/h1>\n\n<p>THE <strong>prix patch personnalis\u00e9 entreprise<\/strong> d\u00e9pend principalement de la quantit\u00e9, des dimensions, du visuel et de la finition choisie. Ainsi, une commande de plusieurs dizaines ou centaines de pi\u00e8ces revient g\u00e9n\u00e9ralement moins cher \u00e0 l\u2019unit\u00e9 qu\u2019une petite s\u00e9rie. Chez <a href=\"https:\/\/dipatch.fr\/en\/\">DIPatch<\/a>, nous accompagnons les entreprises, associations, marques et agences avec des solutions adapt\u00e9es \u00e0 leurs projets.<\/p>\n\n<a href=\"https:\/\/dipatch.fr\/en\/patchs-brodes-personnalises-pour-professionnels\/\" style=\"display:inline-block;padding:12px 20px;background:#000;color:#fff;border-radius:4px;text-decoration:none;margin:20px 0;\">\ud83c\udfe2 Acc\u00e9der \u00e0 l\u2019espace professionnel DIPatch<\/a>\n\n<\/section>\n\n<section>\n<figure>\n<img decoding=\"async\" src=\"prix-patch-personnalise-entreprise.webp\"\n     alt=\"Prix patch personnalis\u00e9 entreprise avec plusieurs patchs brod\u00e9s en s\u00e9rie\"\n     title=\"Prix patch personnalis\u00e9 entreprise \u2013 DIPatch B2B\">\n<figcaption>Exemple de patchs brod\u00e9s personnalis\u00e9s r\u00e9alis\u00e9s en s\u00e9rie pour les professionnels.<\/figcaption>\n<\/figure>\n<\/section>\n\n<section>\n<h2>Prix patch personnalis\u00e9 entreprise : quels crit\u00e8res influencent le tarif ?<\/h2>\n\n<p>Il n\u2019existe pas un tarif unique pour tous les projets. En effet, une entreprise peut commander un petit \u00e9cusson simple tandis qu\u2019une autre souhaite un grand logo tr\u00e8s d\u00e9taill\u00e9. Le co\u00fbt varie donc selon plusieurs crit\u00e8res.<\/p>\n\n<p>THE <strong>prix patch personnalis\u00e9 entreprise<\/strong> \u00e9volue notamment selon la taille, la quantit\u00e9 et la complexit\u00e9 du visuel. De plus, la finition choisie peut modifier le co\u00fbt final.<\/p>\n\n<ul>\n<li><strong>La quantit\u00e9 :<\/strong> plus le volume augmente, plus le co\u00fbt unitaire peut diminuer.<\/li>\n<li><strong>La taille :<\/strong> un petit patch n\u00e9cessite moins de mati\u00e8re qu\u2019un grand format.<\/li>\n<li><strong>Le niveau de d\u00e9tail :<\/strong> un logo simple demande g\u00e9n\u00e9ralement moins de pr\u00e9paration.<\/li>\n<li><strong>Les couleurs :<\/strong> un visuel complexe peut n\u00e9cessiter davantage de travail.<\/li>\n<li><strong>La finition :<\/strong> thermocollante, \u00e0 coudre ou autre selon le projet.<\/li>\n<li><strong>Les d\u00e9lais :<\/strong> une commande anticip\u00e9e facilite l\u2019organisation de la production.<\/li>\n<\/ul>\n\n<p>Ainsi, deux commandes de 100 pi\u00e8ces peuvent afficher un tarif diff\u00e9rent si leurs caract\u00e9ristiques ne sont pas identiques.<\/p>\n<\/section>\n\n<section>\n<h2>Pourquoi le tarif baisse-t-il avec les quantit\u00e9s ?<\/h2>\n\n<p>D\u2019abord, la cr\u00e9ation d\u2019un patch n\u00e9cessite une pr\u00e9paration du visuel. Nous devons adapter le fichier afin d\u2019obtenir un rendu propre en broderie. Cette \u00e9tape demande du temps, m\u00eame pour une petite s\u00e9rie.<\/p>\n\n<p>Ensuite, lorsque nous fabriquons plusieurs exemplaires identiques, nous r\u00e9partissons cette pr\u00e9paration sur davantage de pi\u00e8ces. Par cons\u00e9quent, le co\u00fbt unitaire peut diminuer lorsque la quantit\u00e9 augmente.<\/p>\n\n<p>Pour une entreprise, il peut donc \u00eatre int\u00e9ressant de regrouper plusieurs besoins. Par exemple, vous pouvez pr\u00e9voir les patchs destin\u00e9s aux collaborateurs, aux \u00e9v\u00e9nements et aux futurs v\u00eatements professionnels dans une m\u00eame commande.<\/p>\n\n<a href=\"https:\/\/dipatch.fr\/en\/importe-ton-patch\/\" style=\"display:inline-block;padding:12px 20px;background:#000;color:#fff;border-radius:4px;text-decoration:none;margin:20px 0;\">\ud83c\udfa8 Envoyer mon logo ou mon visuel<\/a>\n\n<\/section>\n\n<section>\n<h2>Quels usages pour des patchs personnalis\u00e9s professionnels ?<\/h2>\n\n<p>Un patch brod\u00e9 ne sert pas uniquement \u00e0 d\u00e9corer un v\u00eatement. Au contraire, il peut devenir un v\u00e9ritable support d\u2019identit\u00e9 visuelle pour une entreprise.<\/p>\n\n<p>Par exemple, vous pouvez l\u2019utiliser pour :<\/p>\n\n<ul>\n<li>personnaliser des v\u00eatements de travail ;<\/li>\n<li>identifier diff\u00e9rentes \u00e9quipes ;<\/li>\n<li>cr\u00e9er du merchandising de marque ;<\/li>\n<li>pr\u00e9parer un \u00e9v\u00e9nement professionnel ;<\/li>\n<li>\u00e9quiper un club ou une association ;<\/li>\n<li>personnaliser des vestes ou des sacs ;<\/li>\n<li>cr\u00e9er des goodies pour vos collaborateurs ;<\/li>\n<li>d\u00e9velopper une petite collection textile.<\/li>\n<\/ul>\n\n<p>De plus, un m\u00eame motif peut fonctionner sur diff\u00e9rents supports. Ainsi, vous pouvez conserver une identit\u00e9 coh\u00e9rente sur vos v\u00eatements, sacs ou accessoires.<\/p>\n<\/section>\n\n<section>\n<h2>Prix patch personnalis\u00e9 entreprise : comment r\u00e9duire le co\u00fbt unitaire ?<\/h2>\n\n<p>Pour optimiser le <strong>prix patch personnalis\u00e9 entreprise<\/strong>, quelques choix simples peuvent faire la diff\u00e9rence. D\u2019abord, privil\u00e9giez un format adapt\u00e9 \u00e0 l\u2019utilisation r\u00e9elle du patch. Un logo n\u2019a pas toujours besoin d\u2019un tr\u00e8s grand format pour rester lisible.<\/p>\n\n<p>Ensuite, simplifiez les d\u00e9tails trop fins lorsque cela reste possible. En effet, un design clair fonctionne souvent mieux en broderie et facilite \u00e9galement la fabrication.<\/p>\n\n<p>Enfin, anticipez vos quantit\u00e9s. Une entreprise qui conna\u00eet ses besoins sur plusieurs mois peut parfois regrouper ses commandes. Ainsi, elle \u00e9vite de multiplier de petites productions.<\/p>\n\n<ul>\n<li>Choisissez une taille r\u00e9ellement adapt\u00e9e.<\/li>\n<li>Privil\u00e9giez un logo lisible et suffisamment simple.<\/li>\n<li>Regroupez vos besoins lorsque cela reste pertinent.<\/li>\n<li>Anticipez la commande avant un \u00e9v\u00e9nement.<\/li>\n<li>Demandez plusieurs quantit\u00e9s dans votre devis.<\/li>\n<\/ul>\n<\/section>\n\n<section>\n<h2>Quelle finition choisir pour un projet professionnel ?<\/h2>\n\n<p>La finition d\u00e9pend principalement du textile et de l\u2019utilisation pr\u00e9vue. Par cons\u00e9quent, il faut choisir la m\u00e9thode de fixation avant de lancer une s\u00e9rie importante.<\/p>\n\n<h3>Le patch thermocollant<\/h3>\n\n<p>Le thermocollant permet une application rapide sur de nombreux textiles compatibles avec la chaleur. Ainsi, il convient particuli\u00e8rement aux v\u00eatements en coton, au jean ou \u00e0 certains accessoires textiles.<\/p>\n\n<h3>Le patch \u00e0 coudre<\/h3>\n\n<p>La couture apporte une excellente r\u00e9sistance. Elle devient donc int\u00e9ressante pour les v\u00eatements professionnels tr\u00e8s sollicit\u00e9s ou les supports sensibles \u00e0 la chaleur.<\/p>\n\n<p>Dans tous les cas, l\u2019\u00e9quipe DIPatch peut vous orienter selon votre projet et votre support.<\/p>\n<\/section>\n\n<section>\n<h2>Comment obtenir un devis B2B pr\u00e9cis ?<\/h2>\n\n<p>Pour obtenir un tarif pertinent, transmettez le maximum d\u2019informations d\u00e8s votre premi\u00e8re demande. Ainsi, nous pouvons comprendre rapidement votre projet et \u00e9viter une estimation trop approximative.<\/p>\n\n<p>Pr\u00e9parez id\u00e9alement :<\/p>\n\n<ul>\n<li>votre logo ou votre visuel ;<\/li>\n<li>la quantit\u00e9 souhait\u00e9e ;<\/li>\n<li>les dimensions approximatives ;<\/li>\n<li>la finition souhait\u00e9e ;<\/li>\n<li>le type de textile concern\u00e9 ;<\/li>\n<li>votre date de livraison id\u00e9ale.<\/li>\n<\/ul>\n\n<p>Ensuite, nous pouvons \u00e9tudier la faisabilit\u00e9 et vous proposer une solution adapt\u00e9e. Un devis d\u00e9taill\u00e9 permet \u00e9galement de comparer clairement les prestations. \u00c0 ce sujet, le <a href=\"https:\/\/www.economie.gouv.fr\/entreprises\/gerer-sa-comptabilite-et-ses-demarches\/devis-obligatoire-comment-ca-marche\" target=\"_blank\" rel=\"dofollow noopener\">minist\u00e8re de l\u2019\u00c9conomie explique le fonctionnement d\u2019un devis professionnel<\/a>.<\/p>\n\n<a href=\"https:\/\/dipatch.fr\/en\/patchs-brodes-personnalises-pour-professionnels\/\" style=\"display:inline-block;padding:12px 20px;background:#000;color:#fff;border-radius:4px;text-decoration:none;margin:20px 0;\">\ud83d\udce9 Demander un devis professionnel<\/a>\n\n<\/section>\n\n<section>\n<h2>Pourquoi choisir DIPatch pour vos patchs d\u2019entreprise ?<\/h2>\n\n<p>Le tarif reste important, mais il ne repr\u00e9sente qu\u2019une partie du projet. En effet, la qualit\u00e9 de la broderie, la communication et la r\u00e9gularit\u00e9 du r\u00e9sultat comptent \u00e9galement.<\/p>\n\n<p>Chez DIPatch, nous privil\u00e9gions un accompagnement humain et une fabrication adapt\u00e9e au besoin du client. Ainsi, nous pouvons \u00e9changer directement sur votre logo, vos contraintes et l\u2019utilisation finale des patchs.<\/p>\n\n<p>De plus, vous pouvez consulter nos conseils sur le <a href=\"https:\/\/dipatch.fr\/en\/blog\/\">blog DIPatch<\/a> afin de mieux comprendre les diff\u00e9rentes techniques de personnalisation textile.<\/p>\n\n<a href=\"https:\/\/dipatch.fr\/en\/boutique\/\" style=\"display:inline-block;padding:12px 20px;background:#000;color:#fff;border-radius:4px;text-decoration:none;margin:20px 0;\">\ud83e\uddf5 D\u00e9couvrir l\u2019univers DIPatch<\/a>\n\n<\/section>\n\n<section>\n<h2>FAQ \u2013 Patchs personnalis\u00e9s pour entreprises<\/h2>\n\n<h3>Existe-t-il une quantit\u00e9 minimum pour une commande professionnelle ?<\/h3>\n<p>L\u2019offre professionnelle concerne principalement les commandes en s\u00e9rie. Ainsi, le tarif devient plus int\u00e9ressant lorsque la quantit\u00e9 augmente.<\/p>\n\n<h3>Le prix diminue-t-il avec la quantit\u00e9 ?<\/h3>\n<p>Oui. Les commandes importantes permettent g\u00e9n\u00e9ralement de r\u00e9duire le co\u00fbt unitaire gr\u00e2ce \u00e0 une production optimis\u00e9e.<\/p>\n\n<h3>Puis-je recevoir un devis avant de commander ?<\/h3>\n<p>Oui. Envoyez votre visuel, la quantit\u00e9 et les dimensions souhait\u00e9es afin d\u2019obtenir une estimation adapt\u00e9e \u00e0 votre projet.<\/p>\n\n<h3>Peut-on reproduire le logo de mon entreprise ?<\/h3>\n<p>Oui, sous r\u00e9serve de faisabilit\u00e9 technique. Nous pouvons adapter un logo afin d\u2019obtenir un r\u00e9sultat propre et lisible en broderie.<\/p>\n\n<h3>Peut-on choisir entre thermocollant et couture ?<\/h3>\n<p>Oui. Le meilleur choix d\u00e9pend surtout du textile, de son utilisation et de sa r\u00e9sistance \u00e0 la chaleur.<\/p>\n<\/section>\n\n<section>\n<h2>Conclusion<\/h2>\n\n<p>En r\u00e9sum\u00e9, le <strong>prix patch personnalis\u00e9 entreprise<\/strong> d\u00e9pend du volume, du format, du visuel et des finitions. Toutefois, les commandes en s\u00e9rie permettent g\u00e9n\u00e9ralement d\u2019obtenir un co\u00fbt unitaire plus int\u00e9ressant. Pour conna\u00eetre le budget exact de votre projet, transmettez simplement vos besoins \u00e0 DIPatch afin d\u2019obtenir un devis professionnel personnalis\u00e9.<\/p>\n\n<a href=\"https:\/\/dipatch.fr\/en\/patchs-brodes-personnalises-pour-professionnels\/\" style=\"display:inline-block;padding:14px 22px;background:#000;color:#fff;border-radius:4px;text-decoration:none;margin:20px 0;\">\ud83e\udd1d Acc\u00e9der \u00e0 l\u2019espace B2B et demander mon devis<\/a>\n\n<\/section>\n\n<\/article>","protected":false},"excerpt":{"rendered":"<p>Prix patch personnalis\u00e9 entreprise : combien pr\u00e9voir pour une commande professionnelle ? Le prix patch personnalis\u00e9 entreprise d\u00e9pend principalement de la quantit\u00e9, des dimensions, du visuel et de la finition choisie. Ainsi, une commande de plusieurs dizaines ou centaines de pi\u00e8ces revient g\u00e9n\u00e9ralement moins cher \u00e0 l\u2019unit\u00e9 qu\u2019une petite s\u00e9rie. Chez DIPatch, nous accompagnons les [&#8230;]\n","protected":false},"author":1,"featured_media":3355,"comment_status":"closed","ping_status":"open","sticky":false,"template":"","format":"standard","meta":{"_jetpack_newsletter_access":"","_jetpack_dont_email_post_to_subs":false,"_jetpack_newsletter_tier_id":0,"_jetpack_memberships_contains_paywalled_content":false,"_jetpack_feature_clip_id":0,"_jetpack_memberships_contains_paid_content":false,"footnotes":"","jetpack_post_was_ever_published":false},"categories":[28],"tags":[],"class_list":["post-3353","post","type-post","status-publish","format-standard","has-post-thumbnail","hentry","category-conseils-et-astuces"],"yoast_head":"<!-- This site is optimized with the Yoast SEO plugin v28.3 - https:\/\/yoast.com\/product\/yoast-seo-wordpress\/ -->\n<title>Prix patch personnalis\u00e9 entreprise : combien pr\u00e9voir ? - DIPATCH<\/title>\n<meta name=\"description\" content=\"Prix patch personnalis\u00e9 entreprise : d\u00e9couvrez les crit\u00e8res qui influencent le tarif, les remises selon les quantit\u00e9s et l\u2019acc\u00e8s B2B DIP.\" \/>\n<meta name=\"robots\" content=\"index, follow, max-snippet:-1, max-image-preview:large, max-video-preview:-1\" \/>\n<link rel=\"canonical\" href=\"https:\/\/dipatch.fr\/en\/blog\/conseils-et-astuces\/prix-patch-personnalise-entreprise\/\" \/>\n<meta property=\"og:locale\" content=\"en_US\" \/>\n<meta property=\"og:type\" content=\"article\" \/>\n<meta property=\"og:title\" content=\"Prix patch personnalis\u00e9 entreprise : combien pr\u00e9voir ? - DIPATCH\" \/>\n<meta property=\"og:description\" content=\"Prix patch personnalis\u00e9 entreprise : d\u00e9couvrez les crit\u00e8res qui influencent le tarif, les remises selon les quantit\u00e9s et l\u2019acc\u00e8s B2B DIP.\" \/>\n<meta property=\"og:url\" content=\"https:\/\/dipatch.fr\/en\/blog\/conseils-et-astuces\/prix-patch-personnalise-entreprise\/\" \/>\n<meta property=\"og:site_name\" content=\"DIPATCH\" \/>\n<meta property=\"article:published_time\" content=\"2026-08-30T23:53:20+00:00\" \/>\n<meta property=\"article:modified_time\" content=\"2026-08-30T23:53:24+00:00\" \/>\n<meta property=\"og:image\" content=\"https:\/\/dipatch.fr\/wp-content\/uploads\/2026\/08\/Ecusson-pro-brode-personnalise-pour-entreprise-\u2013-DIPatch-800x800.png\" \/>\n\t<meta property=\"og:image:width\" content=\"800\" \/>\n\t<meta property=\"og:image:height\" content=\"800\" \/>\n\t<meta property=\"og:image:type\" content=\"image\/png\" \/>\n<meta name=\"author\" content=\"admin\" \/>\n<meta name=\"twitter:card\" content=\"summary_large_image\" \/>\n<meta name=\"twitter:label1\" content=\"Written by\" \/>\n\t<meta name=\"twitter:data1\" content=\"admin\" \/>\n\t<meta name=\"twitter:label2\" content=\"Est. reading time\" \/>\n\t<meta name=\"twitter:data2\" content=\"6 minutes\" \/>\n<script type=\"application\/ld+json\" class=\"yoast-schema-graph\">{\"@context\":\"https:\\\/\\\/schema.org\",\"@graph\":[{\"@type\":\"Article\",\"@id\":\"https:\\\/\\\/dipatch.fr\\\/blog\\\/conseils-et-astuces\\\/prix-patch-personnalise-entreprise\\\/#article\",\"isPartOf\":{\"@id\":\"https:\\\/\\\/dipatch.fr\\\/blog\\\/conseils-et-astuces\\\/prix-patch-personnalise-entreprise\\\/\"},\"author\":{\"name\":\"admin\",\"@id\":\"https:\\\/\\\/dipatch.fr\\\/#\\\/schema\\\/person\\\/effd02dea538c448dd4a3bfd12123bab\"},\"headline\":\"Prix patch personnalis\u00e9 entreprise : combien pr\u00e9voir ?\",\"datePublished\":\"2026-08-30T23:53:20+00:00\",\"dateModified\":\"2026-08-30T23:53:24+00:00\",\"mainEntityOfPage\":{\"@id\":\"https:\\\/\\\/dipatch.fr\\\/blog\\\/conseils-et-astuces\\\/prix-patch-personnalise-entreprise\\\/\"},\"wordCount\":1205,\"publisher\":{\"@id\":\"https:\\\/\\\/dipatch.fr\\\/#organization\"},\"image\":{\"@id\":\"https:\\\/\\\/dipatch.fr\\\/blog\\\/conseils-et-astuces\\\/prix-patch-personnalise-entreprise\\\/#primaryimage\"},\"thumbnailUrl\":\"https:\\\/\\\/i0.wp.com\\\/dipatch.fr\\\/wp-content\\\/uploads\\\/2026\\\/08\\\/Ecusson-pro-brode-personnalise-pour-entreprise-%E2%80%93-DIPatch.png?fit=1254%2C1254&ssl=1\",\"articleSection\":[\"Conseils et Astuces\"],\"inLanguage\":\"en-US\"},{\"@type\":\"WebPage\",\"@id\":\"https:\\\/\\\/dipatch.fr\\\/blog\\\/conseils-et-astuces\\\/prix-patch-personnalise-entreprise\\\/\",\"url\":\"https:\\\/\\\/dipatch.fr\\\/blog\\\/conseils-et-astuces\\\/prix-patch-personnalise-entreprise\\\/\",\"name\":\"Prix patch personnalis\u00e9 entreprise : combien pr\u00e9voir ? - DIPATCH\",\"isPartOf\":{\"@id\":\"https:\\\/\\\/dipatch.fr\\\/#website\"},\"primaryImageOfPage\":{\"@id\":\"https:\\\/\\\/dipatch.fr\\\/blog\\\/conseils-et-astuces\\\/prix-patch-personnalise-entreprise\\\/#primaryimage\"},\"image\":{\"@id\":\"https:\\\/\\\/dipatch.fr\\\/blog\\\/conseils-et-astuces\\\/prix-patch-personnalise-entreprise\\\/#primaryimage\"},\"thumbnailUrl\":\"https:\\\/\\\/i0.wp.com\\\/dipatch.fr\\\/wp-content\\\/uploads\\\/2026\\\/08\\\/Ecusson-pro-brode-personnalise-pour-entreprise-%E2%80%93-DIPatch.png?fit=1254%2C1254&ssl=1\",\"datePublished\":\"2026-08-30T23:53:20+00:00\",\"dateModified\":\"2026-08-30T23:53:24+00:00\",\"description\":\"Prix patch personnalis\u00e9 entreprise : d\u00e9couvrez les crit\u00e8res qui influencent le tarif, les remises selon les quantit\u00e9s et l\u2019acc\u00e8s B2B DIP.\",\"breadcrumb\":{\"@id\":\"https:\\\/\\\/dipatch.fr\\\/blog\\\/conseils-et-astuces\\\/prix-patch-personnalise-entreprise\\\/#breadcrumb\"},\"inLanguage\":\"en-US\",\"potentialAction\":[{\"@type\":\"ReadAction\",\"target\":[\"https:\\\/\\\/dipatch.fr\\\/blog\\\/conseils-et-astuces\\\/prix-patch-personnalise-entreprise\\\/\"]}]},{\"@type\":\"ImageObject\",\"inLanguage\":\"en-US\",\"@id\":\"https:\\\/\\\/dipatch.fr\\\/blog\\\/conseils-et-astuces\\\/prix-patch-personnalise-entreprise\\\/#primaryimage\",\"url\":\"https:\\\/\\\/i0.wp.com\\\/dipatch.fr\\\/wp-content\\\/uploads\\\/2026\\\/08\\\/Ecusson-pro-brode-personnalise-pour-entreprise-%E2%80%93-DIPatch.png?fit=1254%2C1254&ssl=1\",\"contentUrl\":\"https:\\\/\\\/i0.wp.com\\\/dipatch.fr\\\/wp-content\\\/uploads\\\/2026\\\/08\\\/Ecusson-pro-brode-personnalise-pour-entreprise-%E2%80%93-DIPatch.png?fit=1254%2C1254&ssl=1\",\"width\":1254,\"height\":1254,\"caption\":\"\u00c9cusson professionnel brod\u00e9 personnalis\u00e9 pour entreprise avec logo et finition premium\"},{\"@type\":\"BreadcrumbList\",\"@id\":\"https:\\\/\\\/dipatch.fr\\\/blog\\\/conseils-et-astuces\\\/prix-patch-personnalise-entreprise\\\/#breadcrumb\",\"itemListElement\":[{\"@type\":\"ListItem\",\"position\":1,\"name\":\"Accueil\",\"item\":\"https:\\\/\\\/dipatch.fr\\\/\"},{\"@type\":\"ListItem\",\"position\":2,\"name\":\"Prix patch personnalis\u00e9 entreprise : combien pr\u00e9voir ?\"}]},{\"@type\":\"WebSite\",\"@id\":\"https:\\\/\\\/dipatch.fr\\\/#website\",\"url\":\"https:\\\/\\\/dipatch.fr\\\/\",\"name\":\"DIPATCH\",\"description\":\"Personnalisation textile DIY\",\"publisher\":{\"@id\":\"https:\\\/\\\/dipatch.fr\\\/#organization\"},\"potentialAction\":[{\"@type\":\"SearchAction\",\"target\":{\"@type\":\"EntryPoint\",\"urlTemplate\":\"https:\\\/\\\/dipatch.fr\\\/?s={search_term_string}\"},\"query-input\":{\"@type\":\"PropertyValueSpecification\",\"valueRequired\":true,\"valueName\":\"search_term_string\"}}],\"inLanguage\":\"en-US\"},{\"@type\":\"Organization\",\"@id\":\"https:\\\/\\\/dipatch.fr\\\/#organization\",\"name\":\"DIPATCH\",\"url\":\"https:\\\/\\\/dipatch.fr\\\/\",\"logo\":{\"@type\":\"ImageObject\",\"inLanguage\":\"en-US\",\"@id\":\"https:\\\/\\\/dipatch.fr\\\/#\\\/schema\\\/logo\\\/image\\\/\",\"url\":\"https:\\\/\\\/dipatch.fr\\\/wp-content\\\/uploads\\\/2024\\\/12\\\/IMG_0349.jpeg\",\"contentUrl\":\"https:\\\/\\\/dipatch.fr\\\/wp-content\\\/uploads\\\/2024\\\/12\\\/IMG_0349.jpeg\",\"width\":1520,\"height\":907,\"caption\":\"DIPATCH\"},\"image\":{\"@id\":\"https:\\\/\\\/dipatch.fr\\\/#\\\/schema\\\/logo\\\/image\\\/\"}},{\"@type\":\"Person\",\"@id\":\"https:\\\/\\\/dipatch.fr\\\/#\\\/schema\\\/person\\\/effd02dea538c448dd4a3bfd12123bab\",\"name\":\"admin\",\"image\":{\"@type\":\"ImageObject\",\"inLanguage\":\"en-US\",\"@id\":\"https:\\\/\\\/secure.gravatar.com\\\/avatar\\\/bb085a395aad820e87a3f07c117808d9f629a659378d749d9477728d0b24d575?s=96&d=mm&r=g\",\"url\":\"https:\\\/\\\/secure.gravatar.com\\\/avatar\\\/bb085a395aad820e87a3f07c117808d9f629a659378d749d9477728d0b24d575?s=96&d=mm&r=g\",\"contentUrl\":\"https:\\\/\\\/secure.gravatar.com\\\/avatar\\\/bb085a395aad820e87a3f07c117808d9f629a659378d749d9477728d0b24d575?s=96&d=mm&r=g\",\"caption\":\"admin\"},\"sameAs\":[\"https:\\\/\\\/dipatch.fr\"],\"url\":\"https:\\\/\\\/dipatch.fr\\\/en\\\/blog\\\/author\\\/admin\\\/\"}]}<\/script>\n<!-- \/ Yoast SEO plugin. -->","yoast_head_json":{"title":"Prix patch personnalis\u00e9 entreprise : combien pr\u00e9voir ? - DIPATCH","description":"Prix patch personnalis\u00e9 entreprise : d\u00e9couvrez les crit\u00e8res qui influencent le tarif, les remises selon les quantit\u00e9s et l\u2019acc\u00e8s B2B DIP.","robots":{"index":"index","follow":"follow","max-snippet":"max-snippet:-1","max-image-preview":"max-image-preview:large","max-video-preview":"max-video-preview:-1"},"canonical":"https:\/\/dipatch.fr\/en\/blog\/conseils-et-astuces\/prix-patch-personnalise-entreprise\/","og_locale":"en_US","og_type":"article","og_title":"Prix patch personnalis\u00e9 entreprise : combien pr\u00e9voir ? - DIPATCH","og_description":"Prix patch personnalis\u00e9 entreprise : d\u00e9couvrez les crit\u00e8res qui influencent le tarif, les remises selon les quantit\u00e9s et l\u2019acc\u00e8s B2B DIP.","og_url":"https:\/\/dipatch.fr\/en\/blog\/conseils-et-astuces\/prix-patch-personnalise-entreprise\/","og_site_name":"DIPATCH","article_published_time":"2026-08-30T23:53:20+00:00","article_modified_time":"2026-08-30T23:53:24+00:00","og_image":[{"width":800,"height":800,"url":"https:\/\/dipatch.fr\/wp-content\/uploads\/2026\/08\/Ecusson-pro-brode-personnalise-pour-entreprise-\u2013-DIPatch-800x800.png","type":"image\/png"}],"author":"admin","twitter_card":"summary_large_image","twitter_misc":{"Written by":"admin","Est. reading time":"6 minutes"},"schema":{"@context":"https:\/\/schema.org","@graph":[{"@type":"Article","@id":"https:\/\/dipatch.fr\/blog\/conseils-et-astuces\/prix-patch-personnalise-entreprise\/#article","isPartOf":{"@id":"https:\/\/dipatch.fr\/blog\/conseils-et-astuces\/prix-patch-personnalise-entreprise\/"},"author":{"name":"admin","@id":"https:\/\/dipatch.fr\/#\/schema\/person\/effd02dea538c448dd4a3bfd12123bab"},"headline":"Prix patch personnalis\u00e9 entreprise : combien pr\u00e9voir ?","datePublished":"2026-08-30T23:53:20+00:00","dateModified":"2026-08-30T23:53:24+00:00","mainEntityOfPage":{"@id":"https:\/\/dipatch.fr\/blog\/conseils-et-astuces\/prix-patch-personnalise-entreprise\/"},"wordCount":1205,"publisher":{"@id":"https:\/\/dipatch.fr\/#organization"},"image":{"@id":"https:\/\/dipatch.fr\/blog\/conseils-et-astuces\/prix-patch-personnalise-entreprise\/#primaryimage"},"thumbnailUrl":"https:\/\/i0.wp.com\/dipatch.fr\/wp-content\/uploads\/2026\/08\/Ecusson-pro-brode-personnalise-pour-entreprise-%E2%80%93-DIPatch.png?fit=1254%2C1254&ssl=1","articleSection":["Conseils et Astuces"],"inLanguage":"en-US"},{"@type":"WebPage","@id":"https:\/\/dipatch.fr\/blog\/conseils-et-astuces\/prix-patch-personnalise-entreprise\/","url":"https:\/\/dipatch.fr\/blog\/conseils-et-astuces\/prix-patch-personnalise-entreprise\/","name":"Prix patch personnalis\u00e9 entreprise : combien pr\u00e9voir ? - DIPATCH","isPartOf":{"@id":"https:\/\/dipatch.fr\/#website"},"primaryImageOfPage":{"@id":"https:\/\/dipatch.fr\/blog\/conseils-et-astuces\/prix-patch-personnalise-entreprise\/#primaryimage"},"image":{"@id":"https:\/\/dipatch.fr\/blog\/conseils-et-astuces\/prix-patch-personnalise-entreprise\/#primaryimage"},"thumbnailUrl":"https:\/\/i0.wp.com\/dipatch.fr\/wp-content\/uploads\/2026\/08\/Ecusson-pro-brode-personnalise-pour-entreprise-%E2%80%93-DIPatch.png?fit=1254%2C1254&ssl=1","datePublished":"2026-08-30T23:53:20+00:00","dateModified":"2026-08-30T23:53:24+00:00","description":"Prix patch personnalis\u00e9 entreprise : d\u00e9couvrez les crit\u00e8res qui influencent le tarif, les remises selon les quantit\u00e9s et l\u2019acc\u00e8s B2B DIP.","breadcrumb":{"@id":"https:\/\/dipatch.fr\/blog\/conseils-et-astuces\/prix-patch-personnalise-entreprise\/#breadcrumb"},"inLanguage":"en-US","potentialAction":[{"@type":"ReadAction","target":["https:\/\/dipatch.fr\/blog\/conseils-et-astuces\/prix-patch-personnalise-entreprise\/"]}]},{"@type":"ImageObject","inLanguage":"en-US","@id":"https:\/\/dipatch.fr\/blog\/conseils-et-astuces\/prix-patch-personnalise-entreprise\/#primaryimage","url":"https:\/\/i0.wp.com\/dipatch.fr\/wp-content\/uploads\/2026\/08\/Ecusson-pro-brode-personnalise-pour-entreprise-%E2%80%93-DIPatch.png?fit=1254%2C1254&ssl=1","contentUrl":"https:\/\/i0.wp.com\/dipatch.fr\/wp-content\/uploads\/2026\/08\/Ecusson-pro-brode-personnalise-pour-entreprise-%E2%80%93-DIPatch.png?fit=1254%2C1254&ssl=1","width":1254,"height":1254,"caption":"\u00c9cusson professionnel brod\u00e9 personnalis\u00e9 pour entreprise avec logo et finition premium"},{"@type":"BreadcrumbList","@id":"https:\/\/dipatch.fr\/blog\/conseils-et-astuces\/prix-patch-personnalise-entreprise\/#breadcrumb","itemListElement":[{"@type":"ListItem","position":1,"name":"Accueil","item":"https:\/\/dipatch.fr\/"},{"@type":"ListItem","position":2,"name":"Prix patch personnalis\u00e9 entreprise : combien pr\u00e9voir ?"}]},{"@type":"WebSite","@id":"https:\/\/dipatch.fr\/#website","url":"https:\/\/dipatch.fr\/","name":"DIPATCH","description":"DIY textile customization","publisher":{"@id":"https:\/\/dipatch.fr\/#organization"},"potentialAction":[{"@type":"SearchAction","target":{"@type":"EntryPoint","urlTemplate":"https:\/\/dipatch.fr\/?s={search_term_string}"},"query-input":{"@type":"PropertyValueSpecification","valueRequired":true,"valueName":"search_term_string"}}],"inLanguage":"en-US"},{"@type":"Organization","@id":"https:\/\/dipatch.fr\/#organization","name":"DIPATCH","url":"https:\/\/dipatch.fr\/","logo":{"@type":"ImageObject","inLanguage":"en-US","@id":"https:\/\/dipatch.fr\/#\/schema\/logo\/image\/","url":"https:\/\/dipatch.fr\/wp-content\/uploads\/2024\/12\/IMG_0349.jpeg","contentUrl":"https:\/\/dipatch.fr\/wp-content\/uploads\/2024\/12\/IMG_0349.jpeg","width":1520,"height":907,"caption":"DIPATCH"},"image":{"@id":"https:\/\/dipatch.fr\/#\/schema\/logo\/image\/"}},{"@type":"Person","@id":"https:\/\/dipatch.fr\/#\/schema\/person\/effd02dea538c448dd4a3bfd12123bab","name":"admin","image":{"@type":"ImageObject","inLanguage":"en-US","@id":"https:\/\/secure.gravatar.com\/avatar\/bb085a395aad820e87a3f07c117808d9f629a659378d749d9477728d0b24d575?s=96&d=mm&r=g","url":"https:\/\/secure.gravatar.com\/avatar\/bb085a395aad820e87a3f07c117808d9f629a659378d749d9477728d0b24d575?s=96&d=mm&r=g","contentUrl":"https:\/\/secure.gravatar.com\/avatar\/bb085a395aad820e87a3f07c117808d9f629a659378d749d9477728d0b24d575?s=96&d=mm&r=g","caption":"admin"},"sameAs":["https:\/\/dipatch.fr"],"url":"https:\/\/dipatch.fr\/en\/blog\/author\/admin\/"}]}},"jetpack_sharing_enabled":true,"jetpack_featured_media_url":"https:\/\/i0.wp.com\/dipatch.fr\/wp-content\/uploads\/2026\/08\/Ecusson-pro-brode-personnalise-pour-entreprise-%E2%80%93-DIPatch.png?fit=1254%2C1254&ssl=1","_links":{"self":[{"href":"https:\/\/dipatch.fr\/en\/wp-json\/wp\/v2\/posts\/3353","targetHints":{"allow":["GET"]}}],"collection":[{"href":"https:\/\/dipatch.fr\/en\/wp-json\/wp\/v2\/posts"}],"about":[{"href":"https:\/\/dipatch.fr\/en\/wp-json\/wp\/v2\/types\/post"}],"author":[{"embeddable":true,"href":"https:\/\/dipatch.fr\/en\/wp-json\/wp\/v2\/users\/1"}],"replies":[{"embeddable":true,"href":"https:\/\/dipatch.fr\/en\/wp-json\/wp\/v2\/comments?post=3353"}],"version-history":[{"count":1,"href":"https:\/\/dipatch.fr\/en\/wp-json\/wp\/v2\/posts\/3353\/revisions"}],"predecessor-version":[{"id":3356,"href":"https:\/\/dipatch.fr\/en\/wp-json\/wp\/v2\/posts\/3353\/revisions\/3356"}],"wp:featuredmedia":[{"embeddable":true,"href":"https:\/\/dipatch.fr\/en\/wp-json\/wp\/v2\/media\/3355"}],"wp:attachment":[{"href":"https:\/\/dipatch.fr\/en\/wp-json\/wp\/v2\/media?parent=3353"}],"wp:term":[{"taxonomy":"category","embeddable":true,"href":"https:\/\/dipatch.fr\/en\/wp-json\/wp\/v2\/categories?post=3353"},{"taxonomy":"post_tag","embeddable":true,"href":"https:\/\/dipatch.fr\/en\/wp-json\/wp\/v2\/tags?post=3353"}],"curies":[{"name":"wp","href":"https:\/\/api.w.org\/{rel}","templated":true}]}}